{"id":468,"date":"2024-05-11T19:20:53","date_gmt":"2024-05-11T19:20:53","guid":{"rendered":"https:\/\/fundacioncrearpuentes.org\/?p=468"},"modified":"2024-12-18T19:48:15","modified_gmt":"2024-12-18T19:48:15","slug":"curso-administracion-2024","status":"publish","type":"post","link":"https:\/\/fundacioncrearpuentes.org\/?p=468","title":{"rendered":"Curso Administraci\u00f3n 2024"},"content":{"rendered":"<p>En este curso se aprender\u00e1n herramientas vinculadas a la estructura y funciones del \u00e1rea comercial para poder llevar a cabo gestiones administrativas y de atenci\u00f3n al cliente.<\/p>\n<p><strong>Dirigido a<\/strong><\/p>\n<ul>\n<li>Aquellas personas que deseen especializarse en asuntos comerciales para lograr un excelente desempe\u00f1o dentro de una empresa o mejorar la gesti\u00f3n del negocio propio.<\/li>\n<li>\u00a1No requiere estudios previos!<\/li>\n<\/ul>\n<p><strong>OBJETIVOS<\/strong><\/p>\n<ul>\n<li>Incorporar los conocimientos de los documentos comerciales, sus funciones dentro del proceso administrativo, contable y los conceptos b\u00e1sicos de liquidaci\u00f3n de impositiva y de haberes.<\/li>\n<li>Aplicar la normativa vigente a la liquidaci\u00f3n de impuestos y de sueldos<\/li>\n<li>Adquirir nociones relacionadas a las nuevas tecnolog\u00edas que se emplean en el \u00e1mbito empresarial.<\/li>\n<li>Brindar capacidad de gesti\u00f3n sobre el manejo de los procesos internos dentro de cada \u00e1rea de la empresa.<\/li>\n<\/ul>\n<p>&nbsp;<\/p>\n<p><img loading=\"lazy\" class=\" wp-image-470 aligncenter\" src=\"http:\/\/fundacioncrearpuentes.org\/wp-content\/uploads\/2024\/12\/Administracion-2024-225x300.jpg\" alt=\"\" width=\"264\" height=\"352\" srcset=\"https:\/\/fundacioncrearpuentes.org\/wp-content\/uploads\/2024\/12\/Administracion-2024-225x300.jpg 225w, https:\/\/fundacioncrearpuentes.org\/wp-content\/uploads\/2024\/12\/Administracion-2024-768x1024.jpg 768w, https:\/\/fundacioncrearpuentes.org\/wp-content\/uploads\/2024\/12\/Administracion-2024-1152x1536.jpg 1152w, https:\/\/fundacioncrearpuentes.org\/wp-content\/uploads\/2024\/12\/Administracion-2024.jpg 1200w\" sizes=\"(max-width: 264px) 100vw, 264px\" \/><\/p>\n<p><img loading=\"lazy\" class=\"wp-image-471 aligncenter\" src=\"http:\/\/fundacioncrearpuentes.org\/wp-content\/uploads\/2024\/12\/Administracion-2--225x300.jpg\" alt=\"\" width=\"253\" height=\"337\" srcset=\"https:\/\/fundacioncrearpuentes.org\/wp-content\/uploads\/2024\/12\/Administracion-2--225x300.jpg 225w, https:\/\/fundacioncrearpuentes.org\/wp-content\/uploads\/2024\/12\/Administracion-2--768x1024.jpg 768w, https:\/\/fundacioncrearpuentes.org\/wp-content\/uploads\/2024\/12\/Administracion-2--1152x1536.jpg 1152w, https:\/\/fundacioncrearpuentes.org\/wp-content\/uploads\/2024\/12\/Administracion-2-.jpg 1200w\" sizes=\"(max-width: 253px) 100vw, 253px\" \/><\/p>\n<p><img loading=\"lazy\" class=\"size-medium wp-image-400 aligncenter\" src=\"http:\/\/fundacioncrearpuentes.org\/wp-content\/uploads\/2022\/08\/Logo-Fundacion-273x300.jpg\" alt=\"\" width=\"273\" height=\"300\" srcset=\"https:\/\/fundacioncrearpuentes.org\/wp-content\/uploads\/2022\/08\/Logo-Fundacion-273x300.jpg 273w, https:\/\/fundacioncrearpuentes.org\/wp-content\/uploads\/2022\/08\/Logo-Fundacion-930x1024.jpg 930w, https:\/\/fundacioncrearpuentes.org\/wp-content\/uploads\/2022\/08\/Logo-Fundacion-768x845.jpg 768w, https:\/\/fundacioncrearpuentes.org\/wp-content\/uploads\/2022\/08\/Logo-Fundacion.jpg 1074w\" sizes=\"(max-width: 273px) 100vw, 273px\" \/><\/p>\n","protected":false},"excerpt":{"rendered":"<p>En este curso se aprender\u00e1n herramientas vinculadas a la estructura y funciones del \u00e1rea comercial para poder llevar a cabo<\/p>\n","protected":false},"author":1,"featured_media":471,"comment_status":"open","ping_status":"open","sticky":false,"template":"","format":"image","meta":[],"categories":[4],"tags":[],"_links":{"self":[{"href":"https:\/\/fundacioncrearpuentes.org\/index.php?rest_route=\/wp\/v2\/posts\/468"}],"collection":[{"href":"https:\/\/fundacioncrearpuentes.org\/index.php?rest_route=\/wp\/v2\/posts"}],"about":[{"href":"https:\/\/fundacioncrearpuentes.org\/index.php?rest_route=\/wp\/v2\/types\/post"}],"author":[{"embeddable":true,"href":"https:\/\/fundacioncrearpuentes.org\/index.php?rest_route=\/wp\/v2\/users\/1"}],"replies":[{"embeddable":true,"href":"https:\/\/fundacioncrearpuentes.org\/index.php?rest_route=%2Fwp%2Fv2%2Fcomments&post=468"}],"version-history":[{"count":1,"href":"https:\/\/fundacioncrearpuentes.org\/index.php?rest_route=\/wp\/v2\/posts\/468\/revisions"}],"predecessor-version":[{"id":473,"href":"https:\/\/fundacioncrearpuentes.org\/index.php?rest_route=\/wp\/v2\/posts\/468\/revisions\/473"}],"wp:featuredmedia":[{"embeddable":true,"href":"https:\/\/fundacioncrearpuentes.org\/index.php?rest_route=\/wp\/v2\/media\/471"}],"wp:attachment":[{"href":"https:\/\/fundacioncrearpuentes.org\/index.php?rest_route=%2Fwp%2Fv2%2Fmedia&parent=468"}],"wp:term":[{"taxonomy":"category","embeddable":true,"href":"https:\/\/fundacioncrearpuentes.org\/index.php?rest_route=%2Fwp%2Fv2%2Fcategories&post=468"},{"taxonomy":"post_tag","embeddable":true,"href":"https:\/\/fundacioncrearpuentes.org\/index.php?rest_route=%2Fwp%2Fv2%2Ftags&post=468"}],"curies":[{"name":"wp","href":"https:\/\/api.w.org\/{rel}","templated":true}]}}