{"id":385,"date":"2022-08-28T18:18:25","date_gmt":"2022-08-28T18:18:25","guid":{"rendered":"https:\/\/fundacioncrearpuentes.org\/?p=385"},"modified":"2024-12-18T18:32:55","modified_gmt":"2024-12-18T18:32:55","slug":"inauguracion-nuevo-centro-de-capacitacion-y-taller","status":"publish","type":"post","link":"https:\/\/fundacioncrearpuentes.org\/?p=385","title":{"rendered":"Inauguraci\u00f3n del centro de capacitaci\u00f3n"},"content":{"rendered":"<p>&nbsp;<\/p>\n<p>La Fundaci\u00f3n Crear Puentes los invita a la inauguraci\u00f3n de su nuevo centro de capacitaci\u00f3n y taller , los esperamos el d\u00eda 03 de septiembre 2022 a partir de las 10 hs en la calle Entre R\u00edos 2668 de la ciudad de Granadero Baigorria<\/p>\n<p><img loading=\"lazy\" class=\"wp-image-386 aligncenter\" src=\"http:\/\/fundacioncrearpuentes.org\/wp-content\/uploads\/2022\/09\/png_20220902_211641_0000-213x300.png\" alt=\"Invitaci\u00f3n\" width=\"269\" height=\"379\" srcset=\"https:\/\/fundacioncrearpuentes.org\/wp-content\/uploads\/2022\/09\/png_20220902_211641_0000-213x300.png 213w, https:\/\/fundacioncrearpuentes.org\/wp-content\/uploads\/2022\/09\/png_20220902_211641_0000-726x1024.png 726w, https:\/\/fundacioncrearpuentes.org\/wp-content\/uploads\/2022\/09\/png_20220902_211641_0000-768x1083.png 768w, https:\/\/fundacioncrearpuentes.org\/wp-content\/uploads\/2022\/09\/png_20220902_211641_0000-1090x1536.png 1090w, https:\/\/fundacioncrearpuentes.org\/wp-content\/uploads\/2022\/09\/png_20220902_211641_0000.png 1240w\" sizes=\"(max-width: 269px) 100vw, 269px\" \/><\/p>\n<p>&nbsp;<\/p>\n<p>&nbsp;<\/p>\n","protected":false},"excerpt":{"rendered":"<p>&nbsp; La Fundaci\u00f3n Crear Puentes los invita a la inauguraci\u00f3n de su nuevo centro de capacitaci\u00f3n y taller , los<\/p>\n","protected":false},"author":1,"featured_media":160,"comment_status":"open","ping_status":"open","sticky":false,"template":"","format":"standard","meta":[],"categories":[5],"tags":[],"_links":{"self":[{"href":"https:\/\/fundacioncrearpuentes.org\/index.php?rest_route=\/wp\/v2\/posts\/385"}],"collection":[{"href":"https:\/\/fundacioncrearpuentes.org\/index.php?rest_route=\/wp\/v2\/posts"}],"about":[{"href":"https:\/\/fundacioncrearpuentes.org\/index.php?rest_route=\/wp\/v2\/types\/post"}],"author":[{"embeddable":true,"href":"https:\/\/fundacioncrearpuentes.org\/index.php?rest_route=\/wp\/v2\/users\/1"}],"replies":[{"embeddable":true,"href":"https:\/\/fundacioncrearpuentes.org\/index.php?rest_route=%2Fwp%2Fv2%2Fcomments&post=385"}],"version-history":[{"count":5,"href":"https:\/\/fundacioncrearpuentes.org\/index.php?rest_route=\/wp\/v2\/posts\/385\/revisions"}],"predecessor-version":[{"id":461,"href":"https:\/\/fundacioncrearpuentes.org\/index.php?rest_route=\/wp\/v2\/posts\/385\/revisions\/461"}],"wp:featuredmedia":[{"embeddable":true,"href":"https:\/\/fundacioncrearpuentes.org\/index.php?rest_route=\/wp\/v2\/media\/160"}],"wp:attachment":[{"href":"https:\/\/fundacioncrearpuentes.org\/index.php?rest_route=%2Fwp%2Fv2%2Fmedia&parent=385"}],"wp:term":[{"taxonomy":"category","embeddable":true,"href":"https:\/\/fundacioncrearpuentes.org\/index.php?rest_route=%2Fwp%2Fv2%2Fcategories&post=385"},{"taxonomy":"post_tag","embeddable":true,"href":"https:\/\/fundacioncrearpuentes.org\/index.php?rest_route=%2Fwp%2Fv2%2Ftags&post=385"}],"curies":[{"name":"wp","href":"https:\/\/api.w.org\/{rel}","templated":true}]}}